{"id":5882,"date":"2023-08-16T22:32:07","date_gmt":"2023-08-16T22:32:07","guid":{"rendered":"https:\/\/www.lagambarrada.com\/?p=5882"},"modified":"2023-08-16T22:35:33","modified_gmt":"2023-08-16T22:35:33","slug":"la-gambarrada-en-la-revista-tothosap","status":"publish","type":"post","link":"https:\/\/www.lagambarrada.com\/es\/prensa\/la-gambarrada-en-la-revista-tothosap\/","title":{"rendered":"\u00a1La Gambarrada en la REVISTA TOTHOSAP!"},"content":{"rendered":"<p>[vc_row css_animation=\u00bb\u00bb row_type=\u00bbrow\u00bb use_row_as_full_screen_section=\u00bbno\u00bb type=\u00bbfull_width\u00bb angled_section=\u00bbno\u00bb text_align=\u00bbleft\u00bb background_image_as_pattern=\u00bbwithout_pattern\u00bb z_index=\u00bb\u00bb][vc_column][vc_empty_space][vc_column_text]<\/p>\n<h1>\u00a1Grandes noticias en La Gambarrada del chef David Reig en Vilanova i la Geltr\u00fa! ?\ufe0f<\/h1>\n<h2>Estamos emocionados de compartir con ustedes que hemos sido destacados en la edici\u00f3n de agosto de 2023 de la REVISTA TOTHOSAP! En esta publicaci\u00f3n, se explora a fondo la pasi\u00f3n y la dedicaci\u00f3n que ponemos en cada plato en nuestro querido restaurante.<\/h2>\n<p>Ver nuestro nombre en estas p\u00e1ginas es un testimonio de todo el arduo trabajo y amor que nuestro equipo pone en cada creaci\u00f3n culinaria. Agradecemos profundamente a la REVISTA TOTHOSAP! por esta maravillosa oportunidad de destacar en su publicaci\u00f3n.<\/p>\n<p>Para conocer m\u00e1s sobre nuestra historia, nuestra cocina y lo que nos hace \u00fanicos, te invitamos a leer el art\u00edculo completo en la REVISTA TOTHOSAP! AGOST 2023. \u00a1Estamos ansiosos por compartir este emocionante logro contigo y esperamos verte pronto en La Gambarrada!<\/p>\n<p><img class=\"wp-image-5858 size-large\" src=\"https:\/\/www.lagambarrada.com\/wp-content\/uploads\/2023\/08\/WhatsApp-Image-2023-08-13-at-15.00.35-819x1024.jpeg\" alt=\"\" width=\"819\" height=\"1024\" srcset=\"https:\/\/www.lagambarrada.com\/wp-content\/uploads\/2023\/08\/WhatsApp-Image-2023-08-13-at-15.00.35-819x1024.jpeg 819w, https:\/\/www.lagambarrada.com\/wp-content\/uploads\/2023\/08\/WhatsApp-Image-2023-08-13-at-15.00.35-240x300.jpeg 240w, https:\/\/www.lagambarrada.com\/wp-content\/uploads\/2023\/08\/WhatsApp-Image-2023-08-13-at-15.00.35-768x960.jpeg 768w, https:\/\/www.lagambarrada.com\/wp-content\/uploads\/2023\/08\/WhatsApp-Image-2023-08-13-at-15.00.35-700x875.jpeg 700w, https:\/\/www.lagambarrada.com\/wp-content\/uploads\/2023\/08\/WhatsApp-Image-2023-08-13-at-15.00.35.jpeg 1080w\" sizes=\"(max-width: 819px) 100vw, 819px\" \/> <img class=\"wp-image-5861 size-large\" src=\"https:\/\/www.lagambarrada.com\/wp-content\/uploads\/2023\/08\/WhatsApp-Image-2023-08-13-at-15.00.36-1-819x1024.jpeg\" alt=\"\" width=\"819\" height=\"1024\" srcset=\"https:\/\/www.lagambarrada.com\/wp-content\/uploads\/2023\/08\/WhatsApp-Image-2023-08-13-at-15.00.36-1-819x1024.jpeg 819w, https:\/\/www.lagambarrada.com\/wp-content\/uploads\/2023\/08\/WhatsApp-Image-2023-08-13-at-15.00.36-1-240x300.jpeg 240w, https:\/\/www.lagambarrada.com\/wp-content\/uploads\/2023\/08\/WhatsApp-Image-2023-08-13-at-15.00.36-1-768x960.jpeg 768w, https:\/\/www.lagambarrada.com\/wp-content\/uploads\/2023\/08\/WhatsApp-Image-2023-08-13-at-15.00.36-1-700x875.jpeg 700w, https:\/\/www.lagambarrada.com\/wp-content\/uploads\/2023\/08\/WhatsApp-Image-2023-08-13-at-15.00.36-1.jpeg 1080w\" sizes=\"(max-width: 819px) 100vw, 819px\" \/> <img class=\"wp-image-5864 size-large\" src=\"https:\/\/www.lagambarrada.com\/wp-content\/uploads\/2023\/08\/WhatsApp-Image-2023-08-13-at-15.00.36-819x1024.jpeg\" alt=\"\" width=\"819\" height=\"1024\" srcset=\"https:\/\/www.lagambarrada.com\/wp-content\/uploads\/2023\/08\/WhatsApp-Image-2023-08-13-at-15.00.36-819x1024.jpeg 819w, https:\/\/www.lagambarrada.com\/wp-content\/uploads\/2023\/08\/WhatsApp-Image-2023-08-13-at-15.00.36-240x300.jpeg 240w, https:\/\/www.lagambarrada.com\/wp-content\/uploads\/2023\/08\/WhatsApp-Image-2023-08-13-at-15.00.36-768x960.jpeg 768w, https:\/\/www.lagambarrada.com\/wp-content\/uploads\/2023\/08\/WhatsApp-Image-2023-08-13-at-15.00.36-700x875.jpeg 700w, https:\/\/www.lagambarrada.com\/wp-content\/uploads\/2023\/08\/WhatsApp-Image-2023-08-13-at-15.00.36.jpeg 1080w\" sizes=\"(max-width: 819px) 100vw, 819px\" \/> <img class=\"wp-image-5867 size-large\" src=\"https:\/\/www.lagambarrada.com\/wp-content\/uploads\/2023\/08\/WhatsApp-Image-2023-08-13-at-15.00.37-819x1024.jpeg\" alt=\"\" width=\"819\" height=\"1024\" srcset=\"https:\/\/www.lagambarrada.com\/wp-content\/uploads\/2023\/08\/WhatsApp-Image-2023-08-13-at-15.00.37-819x1024.jpeg 819w, https:\/\/www.lagambarrada.com\/wp-content\/uploads\/2023\/08\/WhatsApp-Image-2023-08-13-at-15.00.37-240x300.jpeg 240w, https:\/\/www.lagambarrada.com\/wp-content\/uploads\/2023\/08\/WhatsApp-Image-2023-08-13-at-15.00.37-768x960.jpeg 768w, https:\/\/www.lagambarrada.com\/wp-content\/uploads\/2023\/08\/WhatsApp-Image-2023-08-13-at-15.00.37-700x875.jpeg 700w, https:\/\/www.lagambarrada.com\/wp-content\/uploads\/2023\/08\/WhatsApp-Image-2023-08-13-at-15.00.37.jpeg 1080w\" sizes=\"(max-width: 819px) 100vw, 819px\" \/><\/p>\n<p>#LaGambarrada #DavidReig #VilanovaILaGeltr\u00fa #RevistaTothosap #Reconocimiento #ExperienciaGastron\u00f3mica<\/p>\n<p>&nbsp;<\/p>\n<h3>Leer la publicaci\u00f3n aqu\u00ed: <a href=\"https:\/\/www.calameo.com\/tothosap\/read\/0063065472a5ca9ec546a\" target=\"_blank\" rel=\"noopener\">www.calameo.com<\/a><\/h3>\n<p>[\/vc_column_text][\/vc_column][\/vc_row]<\/p>\n","protected":false},"excerpt":{"rendered":"<p>[vc_row css_animation=\u00bb\u00bb row_type=\u00bbrow\u00bb use_row_as_full_screen_section=\u00bbno\u00bb type=\u00bbfull_width\u00bb angled_section=\u00bbno\u00bb text_align=\u00bbleft\u00bb background_image_as_pattern=\u00bbwithout_pattern\u00bb z_index=\u00bb\u00bb][vc_column][vc_empty_space][vc_column_text] \u00a1Grandes noticias en La Gambarrada del chef David Reig en Vilanova i la Geltr\u00fa! ?\ufe0f Estamos emocionados de compartir con ustedes que hemos sido destacados en la edici\u00f3n de agosto de 2023 de la REVISTA TOTHOSAP!&#8230;<\/p>\n","protected":false},"author":1,"featured_media":5859,"comment_status":"open","ping_status":"open","sticky":false,"template":"","format":"standard","meta":[],"categories":[138],"tags":[],"_links":{"self":[{"href":"https:\/\/www.lagambarrada.com\/es\/wp-json\/wp\/v2\/posts\/5882"}],"collection":[{"href":"https:\/\/www.lagambarrada.com\/es\/wp-json\/wp\/v2\/posts"}],"about":[{"href":"https:\/\/www.lagambarrada.com\/es\/wp-json\/wp\/v2\/types\/post"}],"author":[{"embeddable":true,"href":"https:\/\/www.lagambarrada.com\/es\/wp-json\/wp\/v2\/users\/1"}],"replies":[{"embeddable":true,"href":"https:\/\/www.lagambarrada.com\/es\/wp-json\/wp\/v2\/comments?post=5882"}],"version-history":[{"count":2,"href":"https:\/\/www.lagambarrada.com\/es\/wp-json\/wp\/v2\/posts\/5882\/revisions"}],"predecessor-version":[{"id":5891,"href":"https:\/\/www.lagambarrada.com\/es\/wp-json\/wp\/v2\/posts\/5882\/revisions\/5891"}],"wp:featuredmedia":[{"embeddable":true,"href":"https:\/\/www.lagambarrada.com\/es\/wp-json\/wp\/v2\/media\/5859"}],"wp:attachment":[{"href":"https:\/\/www.lagambarrada.com\/es\/wp-json\/wp\/v2\/media?parent=5882"}],"wp:term":[{"taxonomy":"category","embeddable":true,"href":"https:\/\/www.lagambarrada.com\/es\/wp-json\/wp\/v2\/categories?post=5882"},{"taxonomy":"post_tag","embeddable":true,"href":"https:\/\/www.lagambarrada.com\/es\/wp-json\/wp\/v2\/tags?post=5882"}],"curies":[{"name":"wp","href":"https:\/\/api.w.org\/{rel}","templated":true}]}}